{"id":2445,"date":"2021-04-26T08:47:26","date_gmt":"2021-04-26T08:47:26","guid":{"rendered":"https:\/\/informedia.pro\/mts\/?p=2445"},"modified":"2021-04-26T08:48:41","modified_gmt":"2021-04-26T08:48:41","slug":"desencallan-al-carguero-ever-given-despues-de-casi-una-semana-bloqueando-el-trafico","status":"publish","type":"post","link":"https:\/\/marinetechnicalsolutions.es\/en\/desencallan-al-carguero-ever-given-despues-de-casi-una-semana-bloqueando-el-trafico\/","title":{"rendered":"Desencallan al carguero Ever Given despu\u00e9s de casi una semana bloqueando el tr\u00e1fico"},"content":{"rendered":"<div class=\"bbc-19j92fr e57qer20\" dir=\"ltr\">\n<p class=\"bbc-bm53ic e1cc2ql70\" dir=\"ltr\" style=\"text-align: justify;\"><b>El gigantesco buque Ever Given fue por fin desencallado, abriendo de nuevo una de las rutas comerciales m\u00e1s importantes del mundo.<\/b><\/p>\n<\/div>\n<div class=\"bbc-19j92fr e57qer20\" dir=\"ltr\" style=\"text-align: justify;\">\n<p class=\"bbc-bm53ic e1cc2ql70\" dir=\"ltr\">El jefe de la <b>Autoridad del Canal de Suez (ACS)<\/b>, el almirante Osama Rabie, confirm\u00f3 este lunes <b>\u00abel \u00e9xito de la maniobra\u00bb<\/b><b> para liberar el carguero<\/b>, despu\u00e9s de una semana bloqueando la v\u00eda.<\/p>\n<\/div>\n<div class=\"bbc-19j92fr e57qer20\" dir=\"ltr\" style=\"text-align: justify;\">\n<p class=\"bbc-bm53ic e1cc2ql70\" dir=\"ltr\">Los cientos de barcos que estaban a la espera de pasar por esta v\u00eda celebraron con toques de bocina la operaci\u00f3n.<\/p>\n<\/div>\n<div class=\"bbc-19j92fr e57qer20\" dir=\"ltr\">\n<p class=\"bbc-bm53ic e1cc2ql70\" dir=\"ltr\" style=\"text-align: justify;\">Peter Berdowski, director ejecutivo de la empresa de salvamento holandesa Boskalis, explic\u00f3 que el barco se reflot\u00f3 a las 15:05 hora local (13:05 GMT) este lunes, \u00abposibilitando por tanto el paso libre por el canal de Suez otra vez\u00bb.<\/p>\n<\/div>\n<p dir=\"ltr\"><a href=\"https:\/\/www.bbc.com\/mundo\/noticias-internacional-56561334\">Leer noticia completa<\/a><\/p>","protected":false},"excerpt":{"rendered":"<p>El gigantesco buque Ever Given fue por fin desencallado, abriendo de nuevo una de las rutas comerciales m\u00e1s importantes del mundo. El jefe de la Autoridad del Canal de Suez (ACS), el almirante Osama Rabie, confirm\u00f3 este lunes \u00abel \u00e9xito de la maniobra\u00bb para liberar el carguero, despu\u00e9s de una semana bloqueando la v\u00eda. Los [&hellip;]<\/p>","protected":false},"author":1,"featured_media":2446,"comment_status":"closed","ping_status":"open","sticky":false,"template":"","format":"standard","meta":{"footnotes":""},"categories":[42],"tags":[],"class_list":["post-2445","post","type-post","status-publish","format-standard","has-post-thumbnail","hentry","category-noticias"],"yoast_head":"<!-- This site is optimized with the Yoast SEO plugin v26.2 - https:\/\/yoast.com\/wordpress\/plugins\/seo\/ -->\n<title>Desencallan al carguero Ever Given despu\u00e9s de casi una semana bloqueando el tr\u00e1fico - Marine Technical Solutions<\/title>\n<meta name=\"description\" content=\"Desencallan al carguero Ever Given despu\u00e9s de casi una semana bloqueando el tr\u00e1fico - Marine Technical Solutions\" \/>\n<meta name=\"robots\" content=\"index, follow, max-snippet:-1, max-image-preview:large, max-video-preview:-1\" \/>\n<link rel=\"canonical\" href=\"https:\/\/marinetechnicalsolutions.es\/en\/desencallan-al-carguero-ever-given-despues-de-casi-una-semana-bloqueando-el-trafico\/\" \/>\n<meta property=\"og:locale\" content=\"en_US\" \/>\n<meta property=\"og:type\" content=\"article\" \/>\n<meta property=\"og:title\" content=\"Desencallan al carguero Ever Given despu\u00e9s de casi una semana bloqueando el tr\u00e1fico - Marine Technical Solutions\" \/>\n<meta property=\"og:description\" content=\"Desencallan al carguero Ever Given despu\u00e9s de casi una semana bloqueando el tr\u00e1fico - Marine Technical Solutions\" \/>\n<meta property=\"og:url\" content=\"https:\/\/marinetechnicalsolutions.es\/en\/desencallan-al-carguero-ever-given-despues-de-casi-una-semana-bloqueando-el-trafico\/\" \/>\n<meta property=\"og:site_name\" content=\"Marine Technical Solutions\" \/>\n<meta property=\"article:published_time\" content=\"2021-04-26T08:47:26+00:00\" \/>\n<meta property=\"article:modified_time\" content=\"2021-04-26T08:48:41+00:00\" \/>\n<meta property=\"og:image\" content=\"https:\/\/marinetechnicalsolutions.es\/wp-content\/uploads\/2021\/04\/noticia.jpg\" \/>\n\t<meta property=\"og:image:width\" content=\"800\" \/>\n\t<meta property=\"og:image:height\" content=\"450\" \/>\n\t<meta property=\"og:image:type\" content=\"image\/jpeg\" \/>\n<meta name=\"author\" content=\"admin\" \/>\n<meta name=\"twitter:card\" content=\"summary_large_image\" \/>\n<meta name=\"twitter:label1\" content=\"Written by\" \/>\n\t<meta name=\"twitter:data1\" content=\"admin\" \/>\n\t<meta name=\"twitter:label2\" content=\"Est. reading time\" \/>\n\t<meta name=\"twitter:data2\" content=\"1 minute\" \/>\n<script type=\"application\/ld+json\" class=\"yoast-schema-graph\">{\"@context\":\"https:\/\/schema.org\",\"@graph\":[{\"@type\":\"Article\",\"@id\":\"https:\/\/marinetechnicalsolutions.es\/desencallan-al-carguero-ever-given-despues-de-casi-una-semana-bloqueando-el-trafico\/#article\",\"isPartOf\":{\"@id\":\"https:\/\/marinetechnicalsolutions.es\/desencallan-al-carguero-ever-given-despues-de-casi-una-semana-bloqueando-el-trafico\/\"},\"author\":{\"name\":\"admin\",\"@id\":\"https:\/\/marinetechnicalsolutions.es\/#\/schema\/person\/836d4e6bf55f8f33f7880925504f186f\"},\"headline\":\"Desencallan al carguero Ever Given despu\u00e9s de casi una semana bloqueando el tr\u00e1fico\",\"datePublished\":\"2021-04-26T08:47:26+00:00\",\"dateModified\":\"2021-04-26T08:48:41+00:00\",\"mainEntityOfPage\":{\"@id\":\"https:\/\/marinetechnicalsolutions.es\/desencallan-al-carguero-ever-given-despues-de-casi-una-semana-bloqueando-el-trafico\/\"},\"wordCount\":135,\"publisher\":{\"@id\":\"https:\/\/marinetechnicalsolutions.es\/#organization\"},\"image\":{\"@id\":\"https:\/\/marinetechnicalsolutions.es\/desencallan-al-carguero-ever-given-despues-de-casi-una-semana-bloqueando-el-trafico\/#primaryimage\"},\"thumbnailUrl\":\"https:\/\/marinetechnicalsolutions.es\/wp-content\/uploads\/2021\/04\/noticia.jpg\",\"articleSection\":[\"Noticias\"],\"inLanguage\":\"en-US\"},{\"@type\":\"WebPage\",\"@id\":\"https:\/\/marinetechnicalsolutions.es\/desencallan-al-carguero-ever-given-despues-de-casi-una-semana-bloqueando-el-trafico\/\",\"url\":\"https:\/\/marinetechnicalsolutions.es\/desencallan-al-carguero-ever-given-despues-de-casi-una-semana-bloqueando-el-trafico\/\",\"name\":\"Desencallan al carguero Ever Given despu\u00e9s de casi una semana bloqueando el tr\u00e1fico - Marine Technical Solutions\",\"isPartOf\":{\"@id\":\"https:\/\/marinetechnicalsolutions.es\/#website\"},\"primaryImageOfPage\":{\"@id\":\"https:\/\/marinetechnicalsolutions.es\/desencallan-al-carguero-ever-given-despues-de-casi-una-semana-bloqueando-el-trafico\/#primaryimage\"},\"image\":{\"@id\":\"https:\/\/marinetechnicalsolutions.es\/desencallan-al-carguero-ever-given-despues-de-casi-una-semana-bloqueando-el-trafico\/#primaryimage\"},\"thumbnailUrl\":\"https:\/\/marinetechnicalsolutions.es\/wp-content\/uploads\/2021\/04\/noticia.jpg\",\"datePublished\":\"2021-04-26T08:47:26+00:00\",\"dateModified\":\"2021-04-26T08:48:41+00:00\",\"description\":\"Desencallan al carguero Ever Given despu\u00e9s de casi una semana bloqueando el tr\u00e1fico - Marine Technical Solutions\",\"breadcrumb\":{\"@id\":\"https:\/\/marinetechnicalsolutions.es\/desencallan-al-carguero-ever-given-despues-de-casi-una-semana-bloqueando-el-trafico\/#breadcrumb\"},\"inLanguage\":\"en-US\",\"potentialAction\":[{\"@type\":\"ReadAction\",\"target\":[\"https:\/\/marinetechnicalsolutions.es\/desencallan-al-carguero-ever-given-despues-de-casi-una-semana-bloqueando-el-trafico\/\"]}]},{\"@type\":\"ImageObject\",\"inLanguage\":\"en-US\",\"@id\":\"https:\/\/marinetechnicalsolutions.es\/desencallan-al-carguero-ever-given-despues-de-casi-una-semana-bloqueando-el-trafico\/#primaryimage\",\"url\":\"https:\/\/marinetechnicalsolutions.es\/wp-content\/uploads\/2021\/04\/noticia.jpg\",\"contentUrl\":\"https:\/\/marinetechnicalsolutions.es\/wp-content\/uploads\/2021\/04\/noticia.jpg\",\"width\":800,\"height\":450,\"caption\":\"Carguero Ever Given\"},{\"@type\":\"BreadcrumbList\",\"@id\":\"https:\/\/marinetechnicalsolutions.es\/desencallan-al-carguero-ever-given-despues-de-casi-una-semana-bloqueando-el-trafico\/#breadcrumb\",\"itemListElement\":[{\"@type\":\"ListItem\",\"position\":1,\"name\":\"Portada\",\"item\":\"https:\/\/marinetechnicalsolutions.es\/\"},{\"@type\":\"ListItem\",\"position\":2,\"name\":\"Desencallan al carguero Ever Given despu\u00e9s de casi una semana bloqueando el tr\u00e1fico\"}]},{\"@type\":\"WebSite\",\"@id\":\"https:\/\/marinetechnicalsolutions.es\/#website\",\"url\":\"https:\/\/marinetechnicalsolutions.es\/\",\"name\":\"Marine Technical Solutions\",\"description\":\"Empresa dedicada a inspecci\u00f3n en sector naval e industrial\",\"publisher\":{\"@id\":\"https:\/\/marinetechnicalsolutions.es\/#organization\"},\"alternateName\":\"Marine Technical Solutions\",\"potentialAction\":[{\"@type\":\"SearchAction\",\"target\":{\"@type\":\"EntryPoint\",\"urlTemplate\":\"https:\/\/marinetechnicalsolutions.es\/?s={search_term_string}\"},\"query-input\":{\"@type\":\"PropertyValueSpecification\",\"valueRequired\":true,\"valueName\":\"search_term_string\"}}],\"inLanguage\":\"en-US\"},{\"@type\":\"Organization\",\"@id\":\"https:\/\/marinetechnicalsolutions.es\/#organization\",\"name\":\"Marine Technical Solutions\",\"alternateName\":\"Marine Technical Solutions\",\"url\":\"https:\/\/marinetechnicalsolutions.es\/\",\"logo\":{\"@type\":\"ImageObject\",\"inLanguage\":\"en-US\",\"@id\":\"https:\/\/marinetechnicalsolutions.es\/#\/schema\/logo\/image\/\",\"url\":\"https:\/\/marinetechnicalsolutions.es\/wp-content\/uploads\/2021\/03\/cropped-logo.png\",\"contentUrl\":\"https:\/\/marinetechnicalsolutions.es\/wp-content\/uploads\/2021\/03\/cropped-logo.png\",\"width\":512,\"height\":512,\"caption\":\"Marine Technical Solutions\"},\"image\":{\"@id\":\"https:\/\/marinetechnicalsolutions.es\/#\/schema\/logo\/image\/\"}},{\"@type\":\"Person\",\"@id\":\"https:\/\/marinetechnicalsolutions.es\/#\/schema\/person\/836d4e6bf55f8f33f7880925504f186f\",\"name\":\"admin\",\"image\":{\"@type\":\"ImageObject\",\"inLanguage\":\"en-US\",\"@id\":\"https:\/\/marinetechnicalsolutions.es\/#\/schema\/person\/image\/\",\"url\":\"https:\/\/secure.gravatar.com\/avatar\/c0f9cd69730359bd59e91d5515283c7cb3fedd2ee11d87883a5773045bcc87e7?s=96&d=mm&r=g\",\"contentUrl\":\"https:\/\/secure.gravatar.com\/avatar\/c0f9cd69730359bd59e91d5515283c7cb3fedd2ee11d87883a5773045bcc87e7?s=96&d=mm&r=g\",\"caption\":\"admin\"},\"sameAs\":[\"https:\/\/marinetechnicalsolutions.es\"],\"url\":\"https:\/\/marinetechnicalsolutions.es\/en\/author\/informedia\/\"}]}<\/script>\n<!-- \/ Yoast SEO plugin. -->","yoast_head_json":{"title":"Desencallan al carguero Ever Given despu\u00e9s de casi una semana bloqueando el tr\u00e1fico - Marine Technical Solutions","description":"Desencallan al carguero Ever Given despu\u00e9s de casi una semana bloqueando el tr\u00e1fico - Marine Technical Solutions","robots":{"index":"index","follow":"follow","max-snippet":"max-snippet:-1","max-image-preview":"max-image-preview:large","max-video-preview":"max-video-preview:-1"},"canonical":"https:\/\/marinetechnicalsolutions.es\/en\/desencallan-al-carguero-ever-given-despues-de-casi-una-semana-bloqueando-el-trafico\/","og_locale":"en_US","og_type":"article","og_title":"Desencallan al carguero Ever Given despu\u00e9s de casi una semana bloqueando el tr\u00e1fico - Marine Technical Solutions","og_description":"Desencallan al carguero Ever Given despu\u00e9s de casi una semana bloqueando el tr\u00e1fico - Marine Technical Solutions","og_url":"https:\/\/marinetechnicalsolutions.es\/en\/desencallan-al-carguero-ever-given-despues-de-casi-una-semana-bloqueando-el-trafico\/","og_site_name":"Marine Technical Solutions","article_published_time":"2021-04-26T08:47:26+00:00","article_modified_time":"2021-04-26T08:48:41+00:00","og_image":[{"width":800,"height":450,"url":"https:\/\/marinetechnicalsolutions.es\/wp-content\/uploads\/2021\/04\/noticia.jpg","type":"image\/jpeg"}],"author":"admin","twitter_card":"summary_large_image","twitter_misc":{"Written by":"admin","Est. reading time":"1 minute"},"schema":{"@context":"https:\/\/schema.org","@graph":[{"@type":"Article","@id":"https:\/\/marinetechnicalsolutions.es\/desencallan-al-carguero-ever-given-despues-de-casi-una-semana-bloqueando-el-trafico\/#article","isPartOf":{"@id":"https:\/\/marinetechnicalsolutions.es\/desencallan-al-carguero-ever-given-despues-de-casi-una-semana-bloqueando-el-trafico\/"},"author":{"name":"admin","@id":"https:\/\/marinetechnicalsolutions.es\/#\/schema\/person\/836d4e6bf55f8f33f7880925504f186f"},"headline":"Desencallan al carguero Ever Given despu\u00e9s de casi una semana bloqueando el tr\u00e1fico","datePublished":"2021-04-26T08:47:26+00:00","dateModified":"2021-04-26T08:48:41+00:00","mainEntityOfPage":{"@id":"https:\/\/marinetechnicalsolutions.es\/desencallan-al-carguero-ever-given-despues-de-casi-una-semana-bloqueando-el-trafico\/"},"wordCount":135,"publisher":{"@id":"https:\/\/marinetechnicalsolutions.es\/#organization"},"image":{"@id":"https:\/\/marinetechnicalsolutions.es\/desencallan-al-carguero-ever-given-despues-de-casi-una-semana-bloqueando-el-trafico\/#primaryimage"},"thumbnailUrl":"https:\/\/marinetechnicalsolutions.es\/wp-content\/uploads\/2021\/04\/noticia.jpg","articleSection":["Noticias"],"inLanguage":"en-US"},{"@type":"WebPage","@id":"https:\/\/marinetechnicalsolutions.es\/desencallan-al-carguero-ever-given-despues-de-casi-una-semana-bloqueando-el-trafico\/","url":"https:\/\/marinetechnicalsolutions.es\/desencallan-al-carguero-ever-given-despues-de-casi-una-semana-bloqueando-el-trafico\/","name":"Desencallan al carguero Ever Given despu\u00e9s de casi una semana bloqueando el tr\u00e1fico - Marine Technical Solutions","isPartOf":{"@id":"https:\/\/marinetechnicalsolutions.es\/#website"},"primaryImageOfPage":{"@id":"https:\/\/marinetechnicalsolutions.es\/desencallan-al-carguero-ever-given-despues-de-casi-una-semana-bloqueando-el-trafico\/#primaryimage"},"image":{"@id":"https:\/\/marinetechnicalsolutions.es\/desencallan-al-carguero-ever-given-despues-de-casi-una-semana-bloqueando-el-trafico\/#primaryimage"},"thumbnailUrl":"https:\/\/marinetechnicalsolutions.es\/wp-content\/uploads\/2021\/04\/noticia.jpg","datePublished":"2021-04-26T08:47:26+00:00","dateModified":"2021-04-26T08:48:41+00:00","description":"Desencallan al carguero Ever Given despu\u00e9s de casi una semana bloqueando el tr\u00e1fico - Marine Technical Solutions","breadcrumb":{"@id":"https:\/\/marinetechnicalsolutions.es\/desencallan-al-carguero-ever-given-despues-de-casi-una-semana-bloqueando-el-trafico\/#breadcrumb"},"inLanguage":"en-US","potentialAction":[{"@type":"ReadAction","target":["https:\/\/marinetechnicalsolutions.es\/desencallan-al-carguero-ever-given-despues-de-casi-una-semana-bloqueando-el-trafico\/"]}]},{"@type":"ImageObject","inLanguage":"en-US","@id":"https:\/\/marinetechnicalsolutions.es\/desencallan-al-carguero-ever-given-despues-de-casi-una-semana-bloqueando-el-trafico\/#primaryimage","url":"https:\/\/marinetechnicalsolutions.es\/wp-content\/uploads\/2021\/04\/noticia.jpg","contentUrl":"https:\/\/marinetechnicalsolutions.es\/wp-content\/uploads\/2021\/04\/noticia.jpg","width":800,"height":450,"caption":"Carguero Ever Given"},{"@type":"BreadcrumbList","@id":"https:\/\/marinetechnicalsolutions.es\/desencallan-al-carguero-ever-given-despues-de-casi-una-semana-bloqueando-el-trafico\/#breadcrumb","itemListElement":[{"@type":"ListItem","position":1,"name":"Portada","item":"https:\/\/marinetechnicalsolutions.es\/"},{"@type":"ListItem","position":2,"name":"Desencallan al carguero Ever Given despu\u00e9s de casi una semana bloqueando el tr\u00e1fico"}]},{"@type":"WebSite","@id":"https:\/\/marinetechnicalsolutions.es\/#website","url":"https:\/\/marinetechnicalsolutions.es\/","name":"Marine Technical Solutions","description":"Empresa dedicada a inspecci\u00f3n en sector naval e industrial","publisher":{"@id":"https:\/\/marinetechnicalsolutions.es\/#organization"},"alternateName":"Marine Technical Solutions","potentialAction":[{"@type":"SearchAction","target":{"@type":"EntryPoint","urlTemplate":"https:\/\/marinetechnicalsolutions.es\/?s={search_term_string}"},"query-input":{"@type":"PropertyValueSpecification","valueRequired":true,"valueName":"search_term_string"}}],"inLanguage":"en-US"},{"@type":"Organization","@id":"https:\/\/marinetechnicalsolutions.es\/#organization","name":"Marine Technical Solutions","alternateName":"Marine Technical Solutions","url":"https:\/\/marinetechnicalsolutions.es\/","logo":{"@type":"ImageObject","inLanguage":"en-US","@id":"https:\/\/marinetechnicalsolutions.es\/#\/schema\/logo\/image\/","url":"https:\/\/marinetechnicalsolutions.es\/wp-content\/uploads\/2021\/03\/cropped-logo.png","contentUrl":"https:\/\/marinetechnicalsolutions.es\/wp-content\/uploads\/2021\/03\/cropped-logo.png","width":512,"height":512,"caption":"Marine Technical Solutions"},"image":{"@id":"https:\/\/marinetechnicalsolutions.es\/#\/schema\/logo\/image\/"}},{"@type":"Person","@id":"https:\/\/marinetechnicalsolutions.es\/#\/schema\/person\/836d4e6bf55f8f33f7880925504f186f","name":"admin","image":{"@type":"ImageObject","inLanguage":"en-US","@id":"https:\/\/marinetechnicalsolutions.es\/#\/schema\/person\/image\/","url":"https:\/\/secure.gravatar.com\/avatar\/c0f9cd69730359bd59e91d5515283c7cb3fedd2ee11d87883a5773045bcc87e7?s=96&d=mm&r=g","contentUrl":"https:\/\/secure.gravatar.com\/avatar\/c0f9cd69730359bd59e91d5515283c7cb3fedd2ee11d87883a5773045bcc87e7?s=96&d=mm&r=g","caption":"admin"},"sameAs":["https:\/\/marinetechnicalsolutions.es"],"url":"https:\/\/marinetechnicalsolutions.es\/en\/author\/informedia\/"}]}},"_links":{"self":[{"href":"https:\/\/marinetechnicalsolutions.es\/en\/wp-json\/wp\/v2\/posts\/2445","targetHints":{"allow":["GET"]}}],"collection":[{"href":"https:\/\/marinetechnicalsolutions.es\/en\/wp-json\/wp\/v2\/posts"}],"about":[{"href":"https:\/\/marinetechnicalsolutions.es\/en\/wp-json\/wp\/v2\/types\/post"}],"author":[{"embeddable":true,"href":"https:\/\/marinetechnicalsolutions.es\/en\/wp-json\/wp\/v2\/users\/1"}],"replies":[{"embeddable":true,"href":"https:\/\/marinetechnicalsolutions.es\/en\/wp-json\/wp\/v2\/comments?post=2445"}],"version-history":[{"count":2,"href":"https:\/\/marinetechnicalsolutions.es\/en\/wp-json\/wp\/v2\/posts\/2445\/revisions"}],"predecessor-version":[{"id":2451,"href":"https:\/\/marinetechnicalsolutions.es\/en\/wp-json\/wp\/v2\/posts\/2445\/revisions\/2451"}],"wp:featuredmedia":[{"embeddable":true,"href":"https:\/\/marinetechnicalsolutions.es\/en\/wp-json\/wp\/v2\/media\/2446"}],"wp:attachment":[{"href":"https:\/\/marinetechnicalsolutions.es\/en\/wp-json\/wp\/v2\/media?parent=2445"}],"wp:term":[{"taxonomy":"category","embeddable":true,"href":"https:\/\/marinetechnicalsolutions.es\/en\/wp-json\/wp\/v2\/categories?post=2445"},{"taxonomy":"post_tag","embeddable":true,"href":"https:\/\/marinetechnicalsolutions.es\/en\/wp-json\/wp\/v2\/tags?post=2445"}],"curies":[{"name":"wp","href":"https:\/\/api.w.org\/{rel}","templated":true}]}}